{"id":1555,"date":"2012-09-19T19:12:42","date_gmt":"2012-09-19T17:12:42","guid":{"rendered":"http:\/\/magicentrepreneur.com\/?p=1555"},"modified":"2012-09-29T19:32:48","modified_gmt":"2012-09-29T17:32:48","slug":"salon-du-e-commerce-2012","status":"publish","type":"post","link":"https:\/\/magicentrepreneur.com\/?p=1555","title":{"rendered":"Salon du e-commerce 2012"},"content":{"rendered":"<p><em>Je me suis rendu aujourd&rsquo;hui au salon du e-commerce \u00e0 la Porte de Versailles. J&rsquo;y allais un peu en tra\u00eenant les pieds car passant ma vie sur le web, j&rsquo;ai l&rsquo;impression d&rsquo;en savoir d\u00e9j\u00e0 pas mal. Le tout agr\u00e9ment\u00e9 du fait que l&rsquo;ann\u00e9e derni\u00e8re, j&rsquo;ai vraiment eu l&rsquo;impression de perdre mon temps.<\/em><\/p>\n<p>A vrai dire, j&rsquo;ai fait quelques bons contacts, environ une dizaine. La grosse nouveaut\u00e9 c&rsquo;est qu&rsquo;on va commencer la distribution en point relais. Les prix commencent \u00e0 se globaliser, \u00e0 savoir un tarif unique pour la France, la Belgique, l&rsquo;Allemagne. C&rsquo;est tr\u00e8s positif.<\/p>\n<p><a href=\"http:\/\/magicentrepreneur.com\/wp-content\/uploads\/2012\/09\/salon-ecommerce.jpg\"><img loading=\"lazy\" class=\"aligncenter size-full wp-image-1556\" title=\"salon-ecommerce\" src=\"http:\/\/magicentrepreneur.com\/wp-content\/uploads\/2012\/09\/salon-ecommerce.jpg\" alt=\"\" width=\"500\" height=\"333\" srcset=\"https:\/\/magicentrepreneur.com\/wp-content\/uploads\/2012\/09\/salon-ecommerce.jpg 500w, https:\/\/magicentrepreneur.com\/wp-content\/uploads\/2012\/09\/salon-ecommerce-300x199.jpg 300w\" sizes=\"(max-width: 500px) 100vw, 500px\" \/><\/a><\/p>\n<p>On va mettre probablement en place un contrat avec un expressiste (transporteur express) pour les quelques 5-10% de clients press\u00e9s qui sont pr\u00eats \u00e0 payer deux ou trois fois les frais de port.<\/p>\n<p>Pour le reste, j&rsquo;y allais pour essayer de trouver un partenaire SEO allemand, espagnol et\/ ou italien. Une entreprise qui puisse m&rsquo;aider \u00e0 r\u00e9f\u00e9rencer les sites dans ces trois pays. Force est de constater que sur ce point, je suis un peu bredouille. J&rsquo;ai un demi contact en Allemagne et un demi aussi en Espagne. Va falloir que je me d\u00e9place.<\/p>\n<p>J&rsquo;ai rapport\u00e9 plein de cadeaux publicitaires, goodies comme on dit, qui iront dans les mains de mes enfants. Ces fameux goodies m&rsquo;ont permis de me rendre compte \u00e0 quel point, les visiteurs se battaient pour en avoir un, tous plus moches et encombrant les uns que les autres. Des stylos baveux apr\u00e8s deux semaines d&rsquo;usage. Ceci est r\u00e9v\u00e9lateur du d\u00e9faut que je reproche \u00e0 ce salon, celui de s&rsquo;adresser \u00e0 des porteurs de projets \u00e0 des semi professionnels.<\/p>\n<p>Sur les stands, on nous accueille avec des \u00ab\u00a0Quelle est la nature de votre projet ?\u00a0\u00bb ou \u00ab\u00a0Avez-vous penser \u00e0 la mani\u00e8re dont vous alliez vous y prendre ?\u00a0\u00bb. J&rsquo;ai l&rsquo;impression d&rsquo;\u00eatre au salon de l&rsquo;\u00e9tudiant. Quand je leur dis que nous exp\u00e9dions 500 ou 600 colis par mois, ils reviennent presqu&rsquo;au vouvoiement, \u00ab\u00a0bougez pas, le directeur commercial sera l\u00e0 d&rsquo;une minute \u00e0 l&rsquo;autre\u00a0\u00bb.<\/p>\n<p>Pourtant c&rsquo;est vrai, avec nos 500 exp\u00e9ditions par mois on doit \u00eatre dans les 10% voir 7% des sites web les plus gros. On ne parle que des mastodontes qui font les 0.01% en nombre mais 60% du trafic. Il y aussi des petites bo\u00eetes en devenir comme la n\u00f4tre, qui ne sont n&rsquo;y une multinationale (m\u00eame si nos clients le sont), ni a contrario un projet pour occuper les apr\u00e8s-midi de quelques desperate housewives.<\/p>\n","protected":false},"excerpt":{"rendered":"<p>Je me suis rendu aujourd&rsquo;hui au salon du e-commerce \u00e0 la Porte de Versailles. J&rsquo;y allais un peu en tra\u00eenant les pieds car passant ma vie sur le web, j&rsquo;ai l&rsquo;impression d&rsquo;en savoir d\u00e9j\u00e0 pas mal. Le tout agr\u00e9ment\u00e9 du &hellip; <a href=\"https:\/\/magicentrepreneur.com\/?p=1555\">Continuer la lecture <span class=\"meta-nav\">&rarr;<\/span><\/a><\/p>\n","protected":false},"author":2,"featured_media":0,"comment_status":"open","ping_status":"open","sticky":false,"template":"","format":"standard","meta":[],"categories":[40,15,8,57],"tags":[],"_links":{"self":[{"href":"https:\/\/magicentrepreneur.com\/index.php?rest_route=\/wp\/v2\/posts\/1555"}],"collection":[{"href":"https:\/\/magicentrepreneur.com\/index.php?rest_route=\/wp\/v2\/posts"}],"about":[{"href":"https:\/\/magicentrepreneur.com\/index.php?rest_route=\/wp\/v2\/types\/post"}],"author":[{"embeddable":true,"href":"https:\/\/magicentrepreneur.com\/index.php?rest_route=\/wp\/v2\/users\/2"}],"replies":[{"embeddable":true,"href":"https:\/\/magicentrepreneur.com\/index.php?rest_route=%2Fwp%2Fv2%2Fcomments&post=1555"}],"version-history":[{"count":4,"href":"https:\/\/magicentrepreneur.com\/index.php?rest_route=\/wp\/v2\/posts\/1555\/revisions"}],"predecessor-version":[{"id":1558,"href":"https:\/\/magicentrepreneur.com\/index.php?rest_route=\/wp\/v2\/posts\/1555\/revisions\/1558"}],"wp:attachment":[{"href":"https:\/\/magicentrepreneur.com\/index.php?rest_route=%2Fwp%2Fv2%2Fmedia&parent=1555"}],"wp:term":[{"taxonomy":"category","embeddable":true,"href":"https:\/\/magicentrepreneur.com\/index.php?rest_route=%2Fwp%2Fv2%2Fcategories&post=1555"},{"taxonomy":"post_tag","embeddable":true,"href":"https:\/\/magicentrepreneur.com\/index.php?rest_route=%2Fwp%2Fv2%2Ftags&post=1555"}],"curies":[{"name":"wp","href":"https:\/\/api.w.org\/{rel}","templated":true}]}}