{"id":1701,"date":"2012-10-31T17:16:03","date_gmt":"2012-10-31T15:16:03","guid":{"rendered":"http:\/\/magicentrepreneur.com\/?p=1701"},"modified":"2012-12-01T17:28:50","modified_gmt":"2012-12-01T15:28:50","slug":"incroyable","status":"publish","type":"post","link":"https:\/\/magicentrepreneur.com\/?p=1701","title":{"rendered":"Incroyable"},"content":{"rendered":"<p><em>A l&rsquo;heure du French bashing, voici un exemple qui pourrait se faire une place de choix au royaume des absurdit\u00e9s.<\/em><\/p>\n<p>Nous avons lanc\u00e9 une proc\u00e9dure d&rsquo;AFPR afin d&rsquo;obtenir des aides \u00e0 la formation en vue d&rsquo;une embauche. Mon premier contact avec le P\u00f4le Emploi de Paris date du 31 juillet, \u00e0 ce jour, le dossier n&rsquo;est toujours pas conclu. Plut\u00f4t les aides ne sont toujours pas vers\u00e9es alors que le dossier est clos depuis le 17 septembre.<\/p>\n<p>Le plus fort dans tout ceci, ce n&rsquo;est pas la lenteur ou le fait d&rsquo;avoir rempli 6 fois les m\u00eames documents, c&rsquo;est qu&rsquo;en bout de course, le P\u00f4le Emploi de Bretagne refuse de nous verser des aides accord\u00e9es par le P\u00f4le Emploi de Paris. La r\u00e8glementation est diff\u00e9rente m&rsquo;a-t-on dit.<\/p>\n<p>Le cas est particulier, la personne en stage de formation, est en p\u00e9riode de carence de droits au ch\u00f4mage en Bretagne. Il n&rsquo;a droit \u00e0 aucune indemnisation au titre du ch\u00f4mage. Le P\u00f4le Emploi de Paris m&rsquo;a affirm\u00e9 que malgr\u00e9 cette carence, il pouvait \u00eatre indemnis\u00e9 comme stagiaire par le centre de versement. On attend toujours, la somme en jeu est d&rsquo;environ 2000 euros.<\/p>\n<p>Je d\u00e9sesp\u00e8re que cela aboutisse. J&rsquo;en suis \u00e0 une trentaine d&rsquo;appels et \u00e0 environ la m\u00eame quantit\u00e9 d&#8217;emails et de courriers.<\/p>\n","protected":false},"excerpt":{"rendered":"<p>A l&rsquo;heure du French bashing, voici un exemple qui pourrait se faire une place de choix au royaume des absurdit\u00e9s. Nous avons lanc\u00e9 une proc\u00e9dure d&rsquo;AFPR afin d&rsquo;obtenir des aides \u00e0 la formation en vue d&rsquo;une embauche. Mon premier contact &hellip; <a href=\"https:\/\/magicentrepreneur.com\/?p=1701\">Continuer la lecture <span class=\"meta-nav\">&rarr;<\/span><\/a><\/p>\n","protected":false},"author":2,"featured_media":0,"comment_status":"open","ping_status":"open","sticky":false,"template":"","format":"standard","meta":[],"categories":[80,49,7],"tags":[],"_links":{"self":[{"href":"https:\/\/magicentrepreneur.com\/index.php?rest_route=\/wp\/v2\/posts\/1701"}],"collection":[{"href":"https:\/\/magicentrepreneur.com\/index.php?rest_route=\/wp\/v2\/posts"}],"about":[{"href":"https:\/\/magicentrepreneur.com\/index.php?rest_route=\/wp\/v2\/types\/post"}],"author":[{"embeddable":true,"href":"https:\/\/magicentrepreneur.com\/index.php?rest_route=\/wp\/v2\/users\/2"}],"replies":[{"embeddable":true,"href":"https:\/\/magicentrepreneur.com\/index.php?rest_route=%2Fwp%2Fv2%2Fcomments&post=1701"}],"version-history":[{"count":4,"href":"https:\/\/magicentrepreneur.com\/index.php?rest_route=\/wp\/v2\/posts\/1701\/revisions"}],"predecessor-version":[{"id":1703,"href":"https:\/\/magicentrepreneur.com\/index.php?rest_route=\/wp\/v2\/posts\/1701\/revisions\/1703"}],"wp:attachment":[{"href":"https:\/\/magicentrepreneur.com\/index.php?rest_route=%2Fwp%2Fv2%2Fmedia&parent=1701"}],"wp:term":[{"taxonomy":"category","embeddable":true,"href":"https:\/\/magicentrepreneur.com\/index.php?rest_route=%2Fwp%2Fv2%2Fcategories&post=1701"},{"taxonomy":"post_tag","embeddable":true,"href":"https:\/\/magicentrepreneur.com\/index.php?rest_route=%2Fwp%2Fv2%2Ftags&post=1701"}],"curies":[{"name":"wp","href":"https:\/\/api.w.org\/{rel}","templated":true}]}}