{"id":1706,"date":"2012-11-01T17:30:38","date_gmt":"2012-11-01T15:30:38","guid":{"rendered":"http:\/\/magicentrepreneur.com\/?p=1706"},"modified":"2012-12-01T17:44:16","modified_gmt":"2012-12-01T15:44:16","slug":"de-lair-vite","status":"publish","type":"post","link":"https:\/\/magicentrepreneur.com\/?p=1706","title":{"rendered":"De l&rsquo;air, vite"},"content":{"rendered":"<p><em>On commence \u00e0 s\u00e9rieusement \u00eatre \u00e0 l&rsquo;\u00e9troit, l&rsquo;id\u00e9e de trouver un nouveau local ne me quitte pas l&rsquo;esprit. Malheureusement les prix des locaux commerciaux dans Paris ne bougent pas, la crise n&rsquo;est pas l\u00e0. Quitte \u00e0 prendre des risques, je pr\u00e9f\u00e8re acheter du stock que de payer des loyers. La solution serait d&rsquo;acheter mais pour le moment la banque ne m&rsquo;a pas en sympathie.<\/em><\/p>\n<p><a href=\"http:\/\/magicentrepreneur.com\/wp-content\/uploads\/2012\/11\/locaux-commerciaux.jpg\"><img loading=\"lazy\" class=\"aligncenter size-full wp-image-1710\" title=\"locaux-commerciaux\" src=\"http:\/\/magicentrepreneur.com\/wp-content\/uploads\/2012\/11\/locaux-commerciaux.jpg\" alt=\"\" width=\"807\" height=\"1114\" srcset=\"https:\/\/magicentrepreneur.com\/wp-content\/uploads\/2012\/11\/locaux-commerciaux.jpg 807w, https:\/\/magicentrepreneur.com\/wp-content\/uploads\/2012\/11\/locaux-commerciaux-217x300.jpg 217w, https:\/\/magicentrepreneur.com\/wp-content\/uploads\/2012\/11\/locaux-commerciaux-741x1024.jpg 741w\" sizes=\"(max-width: 807px) 100vw, 807px\" \/><\/a><\/p>\n<p>Voici une pancarte sur laquelle je suis tomb\u00e9 par hasard. Un signe du destin peut-\u00eatre pour me rappeler \u00e0 quel point, la place commence \u00e0 nous manquer. Ce n&rsquo;est pas le bon quartier et l&rsquo;ensemble de l&rsquo;all\u00e9e a l&rsquo;air en mauvais \u00e9tat, pav\u00e9e de surcro\u00eet ce qui ne manquerait pas de plaire aux caristes nous livrant nos palettes.<\/p>\n<p>Pour des questions de vie priv\u00e9e, je n&rsquo;ai vraiment pas envie de m&rsquo;installer en banlieue ou en province, mais ici les prix sont exorbitants. Faut-il que la crise s&rsquo;accroisse encore pour que les prix des locaux commerciaux baissent enfin ?<\/p>\n","protected":false},"excerpt":{"rendered":"<p>On commence \u00e0 s\u00e9rieusement \u00eatre \u00e0 l&rsquo;\u00e9troit, l&rsquo;id\u00e9e de trouver un nouveau local ne me quitte pas l&rsquo;esprit. Malheureusement les prix des locaux commerciaux dans Paris ne bougent pas, la crise n&rsquo;est pas l\u00e0. Quitte \u00e0 prendre des risques, je &hellip; <a href=\"https:\/\/magicentrepreneur.com\/?p=1706\">Continuer la lecture <span class=\"meta-nav\">&rarr;<\/span><\/a><\/p>\n","protected":false},"author":2,"featured_media":0,"comment_status":"open","ping_status":"open","sticky":false,"template":"","format":"standard","meta":[],"categories":[33,74,73],"tags":[],"_links":{"self":[{"href":"https:\/\/magicentrepreneur.com\/index.php?rest_route=\/wp\/v2\/posts\/1706"}],"collection":[{"href":"https:\/\/magicentrepreneur.com\/index.php?rest_route=\/wp\/v2\/posts"}],"about":[{"href":"https:\/\/magicentrepreneur.com\/index.php?rest_route=\/wp\/v2\/types\/post"}],"author":[{"embeddable":true,"href":"https:\/\/magicentrepreneur.com\/index.php?rest_route=\/wp\/v2\/users\/2"}],"replies":[{"embeddable":true,"href":"https:\/\/magicentrepreneur.com\/index.php?rest_route=%2Fwp%2Fv2%2Fcomments&post=1706"}],"version-history":[{"count":4,"href":"https:\/\/magicentrepreneur.com\/index.php?rest_route=\/wp\/v2\/posts\/1706\/revisions"}],"predecessor-version":[{"id":1712,"href":"https:\/\/magicentrepreneur.com\/index.php?rest_route=\/wp\/v2\/posts\/1706\/revisions\/1712"}],"wp:attachment":[{"href":"https:\/\/magicentrepreneur.com\/index.php?rest_route=%2Fwp%2Fv2%2Fmedia&parent=1706"}],"wp:term":[{"taxonomy":"category","embeddable":true,"href":"https:\/\/magicentrepreneur.com\/index.php?rest_route=%2Fwp%2Fv2%2Fcategories&post=1706"},{"taxonomy":"post_tag","embeddable":true,"href":"https:\/\/magicentrepreneur.com\/index.php?rest_route=%2Fwp%2Fv2%2Ftags&post=1706"}],"curies":[{"name":"wp","href":"https:\/\/api.w.org\/{rel}","templated":true}]}}