{"id":1787,"date":"2012-11-29T12:40:08","date_gmt":"2012-11-29T10:40:08","guid":{"rendered":"http:\/\/magicentrepreneur.com\/?p=1787"},"modified":"2012-12-22T12:50:31","modified_gmt":"2012-12-22T10:50:31","slug":"tourner-la-page","status":"publish","type":"post","link":"https:\/\/magicentrepreneur.com\/?p=1787","title":{"rendered":"Tourner la page"},"content":{"rendered":"<p><em>J&rsquo;ai propos\u00e9 au salari\u00e9 qui r\u00e9alise les r\u00e9parations \u00e9lectroniques \u00e0 Brest de reprendre seul l&rsquo;activit\u00e9. Je lui fais une proposition ultrafavorable, esp\u00e9rant qu&rsquo;il acceptera. j&rsquo;ai surtout envie d&rsquo;oublier ces mauvaises exp\u00e9riences, ces mauvais souvenirs et de ne me concentrer que sur ce qui fonctionne.<\/em><\/p>\n<p>Bonjour S,<\/p>\n<p>suite \u00e0 notre discussion de l&rsquo;autre jour, j&rsquo;ai pas mal r\u00e9fl\u00e9chi \u00e0 notre histoire. Sache d&rsquo;abord que je n&rsquo;ai rien \u00e0 te reprocher bien au contraire. Tu as beaucoup donn\u00e9 et tu donnes encore beaucoup pour ce projet et ce que nous avons fait c&rsquo;est en grande partie toi qui l&rsquo;a fait, je me suis r\u00e9sum\u00e9 \u00e0 faire la banque.<\/p>\n<p>N\u00e9anmoins, la situation \u00e9conomique est telle que je pose la question de continuer. Est-ce le marasme actuel ou l&rsquo;\u00e9loignement de Brest, ou encore la jeunesse du projet, que sais-je. La r\u00e9alit\u00e9 est l\u00e0.<\/p>\n<p>J&rsquo;ai pens\u00e9 donc que tu pourrais continuer le projet \u00e0 ton compte. Je sais que c&rsquo;est pas quelque chose qui te branche mais n\u00e9anmoins je me permets de te soumettre mon offre.<\/p>\n<p>1\/ Je te c\u00e8de pour 1 euro symbolique la plupart des choses sur place, que tu n&rsquo;aies pas de frais. La maquette de caisse, les installations, les ordinateurs etc&#8230; Je souhaite juste reprendre les \u00e9tag\u00e8res vides, la voiture et les saphirs de platine et peut-\u00eatre quelques bricoles sans r\u00e9elle importance.<\/p>\n<p>2\/ Je paie de loyer jusqu&rsquo;au 30 juin 2013.<\/p>\n<p>3\/ Tu peux b\u00e9n\u00e9ficier pendant 15 mois du maintien de tes ASSEDIC, voir cet articles :<br \/>\n<a href=\"http:\/\/www.pole-emploi.fr\/candidat\/les-aides-financieres-a-la-creation-d-entreprise-@\/suarticle.jspz?id=27043\" target=\"_blank\">http:\/\/www.pole-emploi.fr\/<wbr \/>candidat\/les-aides-<wbr \/>financieres-a-la-creation-d-<wbr \/>entreprise-@\/suarticle.jspz?<wbr \/>id=27043<\/a><br \/>\nJ&rsquo;en ai b\u00e9n\u00e9ficier en 2007 pour cr\u00e9er ma soci\u00e9t\u00e9 \u00e0 Paris et cela m&rsquo;a \u00e9t\u00e9 utile.<\/p>\n<p>4\/ Je te laisse encaisser pour ton compte le chiffre et les contrats \u00e0 partir du 1er janvier c&rsquo;est-\u00e0-dire VLV, Leclerc etc&#8230;<\/p>\n<p>5\/ Si j&rsquo;arrive \u00e0 avoir d&rsquo;autres contrats avec Xxx, je t&rsquo;en ferai profiter. Je pourrais par exemple te payer \u00e0 la prestation de sorte que tu n&rsquo;es pas l&rsquo;argent \u00e0 sortir pour l&rsquo;achat de marchandises. Tout est discutable.<\/p>\n<p>6\/ A. G pourrait t&rsquo;aider pour toute la paperasse.<br \/>\nJe lui en avais parl\u00e9 en juin dernier \u00e0 l&rsquo;heure o\u00f9 je gambergeais pas mal. Je ne lui en ai pas reparl\u00e9 depuis.<\/p>\n<p>7\/ Dans le cas o\u00f9 nous le fassions, je te c\u00e8derai le site web \u00e9galement.<\/p>\n<p>8\/ Bien entendu, je solde nos comptes entre le 15 ao\u00fbt et le 31 d\u00e9cembre pour que tu aies touch\u00e9 1214 euros nets par mois comme convenu.<br \/>\nCela fait partie de nos pr\u00e9c\u00e9dents accords, rien a chang\u00e9, je me permets juste de te les rappeler.<\/p>\n<p>Personnellement je pense que le maintien de tes droits au ch\u00f4mage et les diff\u00e9rents contrats te permettront de payer les petites charges (Free, Edf&#8230; ) et de te gagner environ ton salaire net ant\u00e9rieur pendant une quinzaine de mois, ce qui te laisse un temps long pour te d\u00e9velopper.<\/p>\n<p>Si je me permets de te c\u00e9der tout ou presque, c&rsquo;est que j&rsquo;aie besoin de me concentrer sur ce que je fais \u00e0 Paris.<br \/>\nJe pourrais venir et tout saborder mais j&rsquo;ai du mal \u00e0 faire cela, vu le temps et l&rsquo;\u00e9nergie que tu as d\u00e9penser dans ce truc.<br \/>\nA toi de voir, c&rsquo;est une bonne opportunit\u00e9 mais on ne peut forcer personne \u00e0 se lancer.<\/p>\n<p>J&rsquo;ai par contre besoin que tu me donnes une r\u00e9ponse pour le 26 d\u00e9cembre, imp\u00e9rativement.<\/p>\n<p>Bien \u00e0 toi, bonne journ\u00e9e.<\/p>\n","protected":false},"excerpt":{"rendered":"<p>J&rsquo;ai propos\u00e9 au salari\u00e9 qui r\u00e9alise les r\u00e9parations \u00e9lectroniques \u00e0 Brest de reprendre seul l&rsquo;activit\u00e9. Je lui fais une proposition ultrafavorable, esp\u00e9rant qu&rsquo;il acceptera. j&rsquo;ai surtout envie d&rsquo;oublier ces mauvaises exp\u00e9riences, ces mauvais souvenirs et de ne me concentrer que &hellip; <a href=\"https:\/\/magicentrepreneur.com\/?p=1787\">Continuer la lecture <span class=\"meta-nav\">&rarr;<\/span><\/a><\/p>\n","protected":false},"author":2,"featured_media":0,"comment_status":"open","ping_status":"open","sticky":false,"template":"","format":"standard","meta":[],"categories":[9,7,69],"tags":[],"_links":{"self":[{"href":"https:\/\/magicentrepreneur.com\/index.php?rest_route=\/wp\/v2\/posts\/1787"}],"collection":[{"href":"https:\/\/magicentrepreneur.com\/index.php?rest_route=\/wp\/v2\/posts"}],"about":[{"href":"https:\/\/magicentrepreneur.com\/index.php?rest_route=\/wp\/v2\/types\/post"}],"author":[{"embeddable":true,"href":"https:\/\/magicentrepreneur.com\/index.php?rest_route=\/wp\/v2\/users\/2"}],"replies":[{"embeddable":true,"href":"https:\/\/magicentrepreneur.com\/index.php?rest_route=%2Fwp%2Fv2%2Fcomments&post=1787"}],"version-history":[{"count":3,"href":"https:\/\/magicentrepreneur.com\/index.php?rest_route=\/wp\/v2\/posts\/1787\/revisions"}],"predecessor-version":[{"id":1790,"href":"https:\/\/magicentrepreneur.com\/index.php?rest_route=\/wp\/v2\/posts\/1787\/revisions\/1790"}],"wp:attachment":[{"href":"https:\/\/magicentrepreneur.com\/index.php?rest_route=%2Fwp%2Fv2%2Fmedia&parent=1787"}],"wp:term":[{"taxonomy":"category","embeddable":true,"href":"https:\/\/magicentrepreneur.com\/index.php?rest_route=%2Fwp%2Fv2%2Fcategories&post=1787"},{"taxonomy":"post_tag","embeddable":true,"href":"https:\/\/magicentrepreneur.com\/index.php?rest_route=%2Fwp%2Fv2%2Ftags&post=1787"}],"curies":[{"name":"wp","href":"https:\/\/api.w.org\/{rel}","templated":true}]}}