{"id":1864,"date":"2012-12-21T09:44:16","date_gmt":"2012-12-21T07:44:16","guid":{"rendered":"http:\/\/magicentrepreneur.com\/?p=1864"},"modified":"2013-01-04T10:17:44","modified_gmt":"2013-01-04T08:17:44","slug":"aveugles-ou-c","status":"publish","type":"post","link":"https:\/\/magicentrepreneur.com\/?p=1864","title":{"rendered":"Aveugles ou c&#8230;"},"content":{"rendered":"<p><em>A l&rsquo;heure o\u00f9 s\u00e9vit la pol\u00e9mique bien fran\u00e7aise sur Depardieu devenu belge, j&rsquo;ai entendu ce matin un horloger indiquant que sur les 55 000 personnes de l&rsquo;industrie horlog\u00e8re suisse en Suisse, 17 000 sont des fran\u00e7ais. En Suisse, les salari\u00e9s gagnent plus, les charges sont proportionnellement moins importantes et dans le m\u00eame temps le droit du travail plus souple, sans que cela ne soit une \u00ab\u00a0affreuse r\u00e9publique banani\u00e8re exploitant des enfants\u00a0\u00bb. Bref un gouvernement et des lois proche de la r\u00e9alit\u00e9 \u00e9conomique qui faute de mieux s&rsquo;impose \u00e0 tous. Je me demande si notre aveuglement cessera avant que je n&rsquo;aie install\u00e9 mon entrep\u00f4t au Luxembourg pour b\u00e9n\u00e9ficier d&rsquo;une TVA \u00e0 15% et de salari\u00e9s lorrains bons au travail.<\/em><\/p>\n<p><a href=\"http:\/\/magicentrepreneur.com\/?attachment_id=1865\" rel=\"attachment wp-att-1865\"><img loading=\"lazy\" class=\"alignleft size-full wp-image-1865\" alt=\"MANUFACTURE VACHERON CONSTANTIN (SPECIAL MONTRES).\" src=\"http:\/\/magicentrepreneur.com\/wp-content\/uploads\/2013\/01\/d25ae4c4-3611-11e0-878a-6ecfea49c1b9.jpg\" width=\"493\" height=\"271\" srcset=\"https:\/\/magicentrepreneur.com\/wp-content\/uploads\/2013\/01\/d25ae4c4-3611-11e0-878a-6ecfea49c1b9.jpg 493w, https:\/\/magicentrepreneur.com\/wp-content\/uploads\/2013\/01\/d25ae4c4-3611-11e0-878a-6ecfea49c1b9-300x164.jpg 300w\" sizes=\"(max-width: 493px) 100vw, 493px\" \/><\/a><\/p>\n<p>&nbsp;<\/p>\n<p>&nbsp;<\/p>\n<p>&nbsp;<\/p>\n<p>&nbsp;<\/p>\n<p>&nbsp;<\/p>\n<p>&nbsp;<\/p>\n","protected":false},"excerpt":{"rendered":"<p>A l&rsquo;heure o\u00f9 s\u00e9vit la pol\u00e9mique bien fran\u00e7aise sur Depardieu devenu belge, j&rsquo;ai entendu ce matin un horloger indiquant que sur les 55 000 personnes de l&rsquo;industrie horlog\u00e8re suisse en Suisse, 17 000 sont des fran\u00e7ais. En Suisse, les salari\u00e9s &hellip; <a href=\"https:\/\/magicentrepreneur.com\/?p=1864\">Continuer la lecture <span class=\"meta-nav\">&rarr;<\/span><\/a><\/p>\n","protected":false},"author":2,"featured_media":0,"comment_status":"open","ping_status":"open","sticky":false,"template":"","format":"standard","meta":[],"categories":[48,15],"tags":[],"_links":{"self":[{"href":"https:\/\/magicentrepreneur.com\/index.php?rest_route=\/wp\/v2\/posts\/1864"}],"collection":[{"href":"https:\/\/magicentrepreneur.com\/index.php?rest_route=\/wp\/v2\/posts"}],"about":[{"href":"https:\/\/magicentrepreneur.com\/index.php?rest_route=\/wp\/v2\/types\/post"}],"author":[{"embeddable":true,"href":"https:\/\/magicentrepreneur.com\/index.php?rest_route=\/wp\/v2\/users\/2"}],"replies":[{"embeddable":true,"href":"https:\/\/magicentrepreneur.com\/index.php?rest_route=%2Fwp%2Fv2%2Fcomments&post=1864"}],"version-history":[{"count":5,"href":"https:\/\/magicentrepreneur.com\/index.php?rest_route=\/wp\/v2\/posts\/1864\/revisions"}],"predecessor-version":[{"id":1869,"href":"https:\/\/magicentrepreneur.com\/index.php?rest_route=\/wp\/v2\/posts\/1864\/revisions\/1869"}],"wp:attachment":[{"href":"https:\/\/magicentrepreneur.com\/index.php?rest_route=%2Fwp%2Fv2%2Fmedia&parent=1864"}],"wp:term":[{"taxonomy":"category","embeddable":true,"href":"https:\/\/magicentrepreneur.com\/index.php?rest_route=%2Fwp%2Fv2%2Fcategories&post=1864"},{"taxonomy":"post_tag","embeddable":true,"href":"https:\/\/magicentrepreneur.com\/index.php?rest_route=%2Fwp%2Fv2%2Ftags&post=1864"}],"curies":[{"name":"wp","href":"https:\/\/api.w.org\/{rel}","templated":true}]}}