{"id":1875,"date":"2013-01-03T07:07:42","date_gmt":"2013-01-03T05:07:42","guid":{"rendered":"http:\/\/magicentrepreneur.com\/?p=1875"},"modified":"2013-01-12T07:27:48","modified_gmt":"2013-01-12T05:27:48","slug":"le-bon-moment-pour-demenager","status":"publish","type":"post","link":"https:\/\/magicentrepreneur.com\/?p=1875","title":{"rendered":"Le bon moment pour d\u00e9m\u00e9nager"},"content":{"rendered":"<p><em>Alors que nous \u00e9tions en plein boom des exp\u00e9ditions et notamment sur l&rsquo;Europe. Notre transporteur en Allemagne nous indique qu&rsquo;il d\u00e9m\u00e9nage et que son entrep\u00f4t est d\u00e9sormais ferm\u00e9. Je suis persuad\u00e9 qu&rsquo;il a de bonnes raisons mais vu ainsi, en cette p\u00e9riode, cela fr\u00f4le le ridicule. La faute vient certainement de notre contact en France qui n&rsquo;a pas su avoir l&rsquo;information suffisamment t\u00f4t.<\/em><\/p>\n<p>Bonjour,<\/p>\n<p>Comme \u00e9voqu\u00e9 par t\u00e9l\u00e9phone avec la plupart d\u2019entre vous, vos colis confi\u00e9s \u00e0 partir du 21\/12 \u00e0 notre prestataire qui g\u00e8re les livraisons en Allemagne, vont subir un l\u00e9ger retard (que nous esp\u00e9rons de 24\/48 heures).<\/p>\n<p>Aussi, nous ne pouvions ma\u00eetriser cet \u00e9v\u00e8nement pour plusieurs raisons\u00a0:<\/p>\n<p>1\/ nous sommes en p\u00e9riode de f\u00eates (<b><span style=\"text-decoration: underline;\">le 25\/12 et le 26\/12 sont des jours f\u00e9ri\u00e9s en Allemagne<\/span><\/b>), ce qui d\u00e9calent la livraison de 48 heures par rapport \u00e0 une semaine normale<\/p>\n<p>2\/ les volumes importants li\u00e9es \u00e0 cette p\u00e9riode ne facilitent pas le traitement et l\u2019envoi des colis <b><span style=\"text-decoration: underline;\">en temps voulu comme habituellement<\/span><\/b><\/p>\n<p>3\/ <b><span style=\"text-decoration: underline;\">notre prestataire nous avait annonc\u00e9 un d\u00e9m\u00e9nagement de leur hub le 28\/12 au soir<\/span><\/b>. Nous apprenons ce jour seulement, que le hub habituel ne peut prendre en charge ces colis. Vos colis vont \u00eatre bien s\u00fbr pris en charge pour traitement d\u00e8s que possible par leur nouveau hub.<\/p>\n<p><a href=\"http:\/\/magicentrepreneur.com\/?attachment_id=1880\" rel=\"attachment wp-att-1880\"><img loading=\"lazy\" class=\"alignleft size-full wp-image-1880\" alt=\"lots_a_louer_au_sein_dun_site_securise_avec_gardien_24h24h_95589865142617501\" src=\"http:\/\/magicentrepreneur.com\/wp-content\/uploads\/2013\/01\/lots_a_louer_au_sein_dun_site_securise_avec_gardien_24h24h_95589865142617501.jpg\" width=\"640\" height=\"480\" srcset=\"https:\/\/magicentrepreneur.com\/wp-content\/uploads\/2013\/01\/lots_a_louer_au_sein_dun_site_securise_avec_gardien_24h24h_95589865142617501.jpg 640w, https:\/\/magicentrepreneur.com\/wp-content\/uploads\/2013\/01\/lots_a_louer_au_sein_dun_site_securise_avec_gardien_24h24h_95589865142617501-300x225.jpg 300w\" sizes=\"(max-width: 640px) 100vw, 640px\" \/><\/a><\/p>\n<p>Toutes nos excuses pour ce contretemps. Nous souhaitions bien s\u00fbr vous avertir au plus vite et nous mettons tout en \u0153uvre pour faire face \u00e0 cette situation.<\/p>\n<p>Nous restons bien s\u00fbr \u00e0 votre disposition pour toutes demandes ou pr\u00e9cisions et vous souhaitons de tr\u00e8s bonnes f\u00eates.<\/p>\n<p>Cordialement,<\/p>\n","protected":false},"excerpt":{"rendered":"<p>Alors que nous \u00e9tions en plein boom des exp\u00e9ditions et notamment sur l&rsquo;Europe. Notre transporteur en Allemagne nous indique qu&rsquo;il d\u00e9m\u00e9nage et que son entrep\u00f4t est d\u00e9sormais ferm\u00e9. Je suis persuad\u00e9 qu&rsquo;il a de bonnes raisons mais vu ainsi, en &hellip; <a href=\"https:\/\/magicentrepreneur.com\/?p=1875\">Continuer la lecture <span class=\"meta-nav\">&rarr;<\/span><\/a><\/p>\n","protected":false},"author":2,"featured_media":0,"comment_status":"open","ping_status":"open","sticky":false,"template":"","format":"standard","meta":[],"categories":[65,37],"tags":[],"_links":{"self":[{"href":"https:\/\/magicentrepreneur.com\/index.php?rest_route=\/wp\/v2\/posts\/1875"}],"collection":[{"href":"https:\/\/magicentrepreneur.com\/index.php?rest_route=\/wp\/v2\/posts"}],"about":[{"href":"https:\/\/magicentrepreneur.com\/index.php?rest_route=\/wp\/v2\/types\/post"}],"author":[{"embeddable":true,"href":"https:\/\/magicentrepreneur.com\/index.php?rest_route=\/wp\/v2\/users\/2"}],"replies":[{"embeddable":true,"href":"https:\/\/magicentrepreneur.com\/index.php?rest_route=%2Fwp%2Fv2%2Fcomments&post=1875"}],"version-history":[{"count":3,"href":"https:\/\/magicentrepreneur.com\/index.php?rest_route=\/wp\/v2\/posts\/1875\/revisions"}],"predecessor-version":[{"id":1882,"href":"https:\/\/magicentrepreneur.com\/index.php?rest_route=\/wp\/v2\/posts\/1875\/revisions\/1882"}],"wp:attachment":[{"href":"https:\/\/magicentrepreneur.com\/index.php?rest_route=%2Fwp%2Fv2%2Fmedia&parent=1875"}],"wp:term":[{"taxonomy":"category","embeddable":true,"href":"https:\/\/magicentrepreneur.com\/index.php?rest_route=%2Fwp%2Fv2%2Fcategories&post=1875"},{"taxonomy":"post_tag","embeddable":true,"href":"https:\/\/magicentrepreneur.com\/index.php?rest_route=%2Fwp%2Fv2%2Ftags&post=1875"}],"curies":[{"name":"wp","href":"https:\/\/api.w.org\/{rel}","templated":true}]}}