{"id":2123,"date":"2013-04-29T10:05:30","date_gmt":"2013-04-29T08:05:30","guid":{"rendered":"http:\/\/magicentrepreneur.com\/?p=2123"},"modified":"2013-06-15T06:28:11","modified_gmt":"2013-06-15T04:28:11","slug":"enfin","status":"publish","type":"post","link":"https:\/\/magicentrepreneur.com\/?p=2123","title":{"rendered":"Enfin !"},"content":{"rendered":"<p><em>Si cela est confirm\u00e9, c&rsquo;est une bonne nouvelle, une grande nouvelle. Pour nous deux ans de gagn\u00e9s. Reste \u00e0 voir comment les banques vont r\u00e9pondre, quelle notation occulte interne elles mettront en place.<\/em><\/p>\n<p>Le gouvernement met fin au fichage des entrepreneurs en d\u00e9p\u00f4t de bilan, la fin du 040. Rappelons qu&rsquo;en ce qui me concerne il me reste encore un peu plus d&rsquo;un an de purgatoire.<\/p>\n<p>De Ursula HYZY (AFP) \u2013 Il y a 17 heures<\/p>\n<p>PARIS \u2014 Un patron en mal de tr\u00e9sorerie ou victime d&rsquo;un mauvais payeur et oblig\u00e9 de d\u00e9poser une fois le bilan ne sera plus fich\u00e9 par la Banque de France et donc stigmatis\u00e9 aupr\u00e8s des banquiers, a annonc\u00e9 lundi le gouvernement, qui multiplie les gestes envers les entrepreneurs.<\/p>\n<p>Ceux qui n&rsquo;auront subi qu&rsquo;un seul d\u00e9p\u00f4t de bilan auront ainsi \u00ab\u00a0un droit \u00e0 la seconde chance\u00a0\u00bb, a expliqu\u00e9 sur RMC-Info la ministre charg\u00e9e des PME, Fleur Pellerin, en annon\u00e7ant la suppression de l&rsquo;indicateur 040 de la Banque de France, hantise des PME.<\/p>\n<p>Mme Pellerin s&rsquo;est exprim\u00e9e le jour-m\u00eame o\u00f9 quelque 300 entrepreneurs se verront annoncer une s\u00e9rie d&rsquo;autres mesures en leur faveur par le pr\u00e9sident de la R\u00e9publique \u00e0 l&rsquo;Elys\u00e9e pour la cl\u00f4ture des Assises de l&rsquo;entrepreneuriat.<\/p>\n<p>Tenu par la Banque de France, le fichier Fiben recense l&rsquo;ensemble des entrepreneurs et attribue une cote \u00e0 chacun d&rsquo;entre eux, allant de 000 pour ceux pour qui il n&rsquo;y a rien \u00e0 signaler, jusqu&rsquo;\u00e0 060 pour ceux qui ont connu trois d\u00e9p\u00f4ts de bilan, et\/ou une interdiction de g\u00e9rer dans les cinq ann\u00e9es pr\u00e9c\u00e9dentes.<\/p>\n<p>Entre les deux, l&rsquo;indicateur 040 recense les dirigeants ayant connu un seul d\u00e9p\u00f4t de bilan au cours des trois derni\u00e8res ann\u00e9es.<\/p>\n<p>Cet indicateur, qui concerne environ 150.000 patrons, est v\u00e9cu \u00ab\u00a0par les entrepreneurs comme une sorte de stigmate qui les emp\u00eachait d&rsquo;avoir acc\u00e8s au cr\u00e9dit\u00a0\u00bb, a expliqu\u00e9 Mme Pellerin.<\/p>\n<p>\u00ab\u00a0C&rsquo;est une excellente nouvelle, correspondant \u00e0 quelque chose que nous clamions depuis longtemps\u00a0\u00bb, a d\u00e9clar\u00e9 \u00e0 l&rsquo;AFP le secr\u00e9taire g\u00e9n\u00e9ral de la Conf\u00e9d\u00e9ration des petites et moyennes entreprises (CGPME), Jean-Eudes Dumesnil.<\/p>\n<p>\u00ab\u00a0Cela permettra de redonner une chance aux chefs d&rsquo;entreprises qui ont \u00e9t\u00e9 amen\u00e9s \u00e0 d\u00e9poser le bilan, sans bien entendu qu&rsquo;il y ait eu de liquidation judiciaire, c&rsquo;est-\u00e0-dire des gens qui ont \u00e9t\u00e9 victimes de circonstances et ne m\u00e9ritaient pas d&rsquo;\u00eatre marqu\u00e9s au fer rouge, de ne pas pouvoir retenter l&rsquo;aventure de l&rsquo;entrepreneuriat\u00a0\u00bb, a-t-il expliqu\u00e9.<\/p>\n<p>\u00ab\u00a0On a de plus en plus de soci\u00e9t\u00e9s \u00e0 l&rsquo;heure actuelle qui ont un gros client qui ne les r\u00e8gle pas et sont forc\u00e9es de d\u00e9poser le bilan\u00a0\u00bb, a-t-il ajout\u00e9.<\/p>\n<p>Ce non-droit \u00e0 l&rsquo;\u00e9chec, \u00ab\u00a0sp\u00e9cifique \u00e0 la France\u00a0\u00bb, \u00ab\u00a0n&rsquo;est pas du tout dans la culture de nos amis am\u00e9ricains par exemple qui, au contraire, vous incite \u00e0 rebondir lorsque vous connaissez un \u00e9chec\u00a0\u00bb, a-t-il comment\u00e9.<\/p>\n<p>\u00ab\u00a0Une fois que vous \u00e9tiez not\u00e9 en 040, vous ne trouviez plus une banque pour vous pr\u00eater derri\u00e8re\u00a0\u00bb, a t\u00e9moign\u00e9 M. Dumesnil, en esp\u00e9rant que la France allait \u00ab\u00a0enfin \u00e9voluer davantage vers l&rsquo;entrepreneuriat\u00a0\u00bb.<\/p>\n<p>Le pr\u00e9sident Fran\u00e7ois Hollande doit cl\u00f4turer lundi dans l&rsquo;apr\u00e8s-midi les Assises de l&rsquo;entrepreneuriat, dont les travaux, centr\u00e9s sur neuf th\u00e8mes et r\u00e9unissant entrepreneurs et sp\u00e9cialistes, ont \u00e9t\u00e9 engag\u00e9s apr\u00e8s la r\u00e9volte des \u00ab\u00a0pigeons\u00a0\u00bb. Ce mouvement s&rsquo;\u00e9tait \u00e9lev\u00e9 contre une taxation accrue des plus-values de cession d&rsquo;entreprises pr\u00e9vue par le projet de loi de finances de septembre 2012.<\/p>\n<p>L&rsquo;Elys\u00e9e, qui cherche \u00e0 faire la paix, a pr\u00e9venu que le pr\u00e9sident de la R\u00e9publique tiendrait \u00ab\u00a0un discours important plus pour les entrepreneurs que pour les patrons\u00a0\u00bb, soucieux de s&rsquo;adresser \u00e0 \u00ab\u00a0ceux qui cr\u00e9ent de la richesse et prennent du risque dans une \u00e9conomie, c&rsquo;est \u00e7a l&rsquo;\u00e9l\u00e9ment cl\u00e9\u00a0\u00bb.<\/p>\n<p>Face \u00e0 un ch\u00f4mage sans cesse grandissant et \u00e0 une situation \u00e9conomique d\u00e9prim\u00e9e, le chef de l&rsquo;Etat doit avant tout annoncer la fusion \u00ab\u00a0de tous les syst\u00e8mes de fiscalisation des plus-values de cession en un seul syst\u00e8me unique, par tranche\u00a0\u00bb, a expliqu\u00e9 \u00e0 l&rsquo;AFP le d\u00e9put\u00e9 socialiste Thierry Mandon, parlementaire r\u00e9f\u00e9rent du groupe de travail charg\u00e9 de ces questions dans les Assises.<\/p>\n<p>Selon lui, ce r\u00e9gime de droit commun pr\u00e9voit des abattements jusqu&rsquo;\u00e0 65% \u00ab\u00a0avec une progressivit\u00e9 qui invite \u00e0 garder ses actions plus longtemps\u00a0\u00bb.<\/p>\n<p>Parall\u00e8lement, \u00ab\u00a0un syst\u00e8me bonifi\u00e9\u00a0\u00bb, dont l&rsquo;abattement ira jusqu&rsquo;\u00e0 85%, sera r\u00e9serv\u00e9 aux cr\u00e9ateurs d&rsquo;entreprises et aux entreprises de moins de sept ou dix ans.<\/p>\n<p>Copyright \u00a9 2013 AFP. Tous droits r\u00e9serv\u00e9s<\/p>\n","protected":false},"excerpt":{"rendered":"<p>Si cela est confirm\u00e9, c&rsquo;est une bonne nouvelle, une grande nouvelle. Pour nous deux ans de gagn\u00e9s. Reste \u00e0 voir comment les banques vont r\u00e9pondre, quelle notation occulte interne elles mettront en place. Le gouvernement met fin au fichage des &hellip; <a href=\"https:\/\/magicentrepreneur.com\/?p=2123\">Continuer la lecture <span class=\"meta-nav\">&rarr;<\/span><\/a><\/p>\n","protected":false},"author":2,"featured_media":0,"comment_status":"open","ping_status":"open","sticky":false,"template":"","format":"standard","meta":[],"categories":[5,34,78],"tags":[],"_links":{"self":[{"href":"https:\/\/magicentrepreneur.com\/index.php?rest_route=\/wp\/v2\/posts\/2123"}],"collection":[{"href":"https:\/\/magicentrepreneur.com\/index.php?rest_route=\/wp\/v2\/posts"}],"about":[{"href":"https:\/\/magicentrepreneur.com\/index.php?rest_route=\/wp\/v2\/types\/post"}],"author":[{"embeddable":true,"href":"https:\/\/magicentrepreneur.com\/index.php?rest_route=\/wp\/v2\/users\/2"}],"replies":[{"embeddable":true,"href":"https:\/\/magicentrepreneur.com\/index.php?rest_route=%2Fwp%2Fv2%2Fcomments&post=2123"}],"version-history":[{"count":2,"href":"https:\/\/magicentrepreneur.com\/index.php?rest_route=\/wp\/v2\/posts\/2123\/revisions"}],"predecessor-version":[{"id":2189,"href":"https:\/\/magicentrepreneur.com\/index.php?rest_route=\/wp\/v2\/posts\/2123\/revisions\/2189"}],"wp:attachment":[{"href":"https:\/\/magicentrepreneur.com\/index.php?rest_route=%2Fwp%2Fv2%2Fmedia&parent=2123"}],"wp:term":[{"taxonomy":"category","embeddable":true,"href":"https:\/\/magicentrepreneur.com\/index.php?rest_route=%2Fwp%2Fv2%2Fcategories&post=2123"},{"taxonomy":"post_tag","embeddable":true,"href":"https:\/\/magicentrepreneur.com\/index.php?rest_route=%2Fwp%2Fv2%2Ftags&post=2123"}],"curies":[{"name":"wp","href":"https:\/\/api.w.org\/{rel}","templated":true}]}}