{"id":2147,"date":"2013-04-13T12:04:03","date_gmt":"2013-04-13T10:04:03","guid":{"rendered":"http:\/\/magicentrepreneur.com\/?p=2147"},"modified":"2013-05-08T12:26:13","modified_gmt":"2013-05-08T10:26:13","slug":"la-pillule-douce","status":"publish","type":"post","link":"https:\/\/magicentrepreneur.com\/?p=2147","title":{"rendered":"La pillule douce"},"content":{"rendered":"<p><em>Le gouvernement a besoin d&rsquo;argent, le gouvernement n&rsquo;aime pas trop les entrepreneurs, les autoentrepreneurs sont pourchass\u00e9es par les artisans qui n&rsquo;aiment pas les concurrences (quelles qu&rsquo;elles soient). 1+1+1+1 = une petite claque sur les taxes.<\/em><\/p>\n<p>J&rsquo;ai donc appris par hasard que les niveaux de taxes des autoentrepreneurs avaient augment\u00e9 d&rsquo;un coup de 2%. J&rsquo;avais entendu que le gouvernement pensait \u00e0 r\u00e9former le statut. Limiter sa dur\u00e9e. Seulement, 300 000 des 550 000 entreprises cr\u00e9\u00e9es en France en 2012 sont des autoentreprises. Cela se pose l\u00e0 et c&rsquo;est bien ainsi. Si le statut dispara\u00eet, la plupart seront \u00e0 nouveau ch\u00f4meurs ou repartiront \u00e0 leur statut initial, salari\u00e9, retrait\u00e9&#8230; travailleur au noir. Tr\u00e8s peu d&rsquo;entre-eux ne monteront d&rsquo;entreprises avec les charges et les obligations qui portent sur elles. Rien que la crainte d&rsquo;y penser dissuade la plupart des candidats.<\/p>\n<p>Il ne faut pas y toucher, c&rsquo;est certainement la meilleure chose qui soit arriv\u00e9 \u00e0 la France depuis 10 ans. Des salari\u00e9s se mettent \u00e0 penser comme des entrepreneurs. Gr\u00e2ce \u00e0 ce r\u00e9gime, le r\u00e9alisme \u00e9conomique se r\u00e9pand et &#8211; je l&rsquo;esp\u00e8re &#8211; on sort du dogme.<\/p>\n<p>Trop taxer c&rsquo;est encourager les op\u00e9rations au black. Personnellement il m&rsquo;arrive de leur faire, car payer en liquide c&rsquo;est aller plus vite pour moins cher.<\/p>\n","protected":false},"excerpt":{"rendered":"<p>Le gouvernement a besoin d&rsquo;argent, le gouvernement n&rsquo;aime pas trop les entrepreneurs, les autoentrepreneurs sont pourchass\u00e9es par les artisans qui n&rsquo;aiment pas les concurrences (quelles qu&rsquo;elles soient). 1+1+1+1 = une petite claque sur les taxes. J&rsquo;ai donc appris par hasard &hellip; <a href=\"https:\/\/magicentrepreneur.com\/?p=2147\">Continuer la lecture <span class=\"meta-nav\">&rarr;<\/span><\/a><\/p>\n","protected":false},"author":2,"featured_media":0,"comment_status":"open","ping_status":"open","sticky":false,"template":"","format":"standard","meta":[],"categories":[21,65,83,43],"tags":[],"_links":{"self":[{"href":"https:\/\/magicentrepreneur.com\/index.php?rest_route=\/wp\/v2\/posts\/2147"}],"collection":[{"href":"https:\/\/magicentrepreneur.com\/index.php?rest_route=\/wp\/v2\/posts"}],"about":[{"href":"https:\/\/magicentrepreneur.com\/index.php?rest_route=\/wp\/v2\/types\/post"}],"author":[{"embeddable":true,"href":"https:\/\/magicentrepreneur.com\/index.php?rest_route=\/wp\/v2\/users\/2"}],"replies":[{"embeddable":true,"href":"https:\/\/magicentrepreneur.com\/index.php?rest_route=%2Fwp%2Fv2%2Fcomments&post=2147"}],"version-history":[{"count":6,"href":"https:\/\/magicentrepreneur.com\/index.php?rest_route=\/wp\/v2\/posts\/2147\/revisions"}],"predecessor-version":[{"id":2149,"href":"https:\/\/magicentrepreneur.com\/index.php?rest_route=\/wp\/v2\/posts\/2147\/revisions\/2149"}],"wp:attachment":[{"href":"https:\/\/magicentrepreneur.com\/index.php?rest_route=%2Fwp%2Fv2%2Fmedia&parent=2147"}],"wp:term":[{"taxonomy":"category","embeddable":true,"href":"https:\/\/magicentrepreneur.com\/index.php?rest_route=%2Fwp%2Fv2%2Fcategories&post=2147"},{"taxonomy":"post_tag","embeddable":true,"href":"https:\/\/magicentrepreneur.com\/index.php?rest_route=%2Fwp%2Fv2%2Ftags&post=2147"}],"curies":[{"name":"wp","href":"https:\/\/api.w.org\/{rel}","templated":true}]}}