{"id":2875,"date":"2013-12-23T11:05:52","date_gmt":"2013-12-23T09:05:52","guid":{"rendered":"http:\/\/magicentrepreneur.com\/?p=2875"},"modified":"2014-03-30T11:46:16","modified_gmt":"2014-03-30T09:46:16","slug":"la-nego-commence","status":"publish","type":"post","link":"https:\/\/magicentrepreneur.com\/?p=2875","title":{"rendered":"La n\u00e9go commence"},"content":{"rendered":"<p><em>Apr\u00e8s de nombreux mois \u00e0 travailler en freelance pour nous, chose promise, chose due, nous allons embaucher Romain. Il est loquace.<\/em><\/p>\n<p>Coucou PM,<\/p>\n<p>Je t&rsquo;avais dit hier que je t&rsquo;enverrai un mail aujourd&rsquo;hui car j&rsquo;ai \u00e9t\u00e9 chez mes parents hier et nous avons discut\u00e9 de mon futur contrat avec toi.<br \/>\nEn tant qu&rsquo;ancienne directrice comptable qui se respecte, ma m\u00e8re m&rsquo;a fait plein de tableaux Excel de simulations de fiches de paie suivant ce que j&rsquo;aurai comme salaire etc.<br \/>\nOn a \u00e9galement parl\u00e9 des cong\u00e9s et de tout ce qui constituait un contrat basique car je ne m&rsquo;y connais pas trop l\u00e0 dedans.<\/p>\n<p>Donc je souhaitais savoir ce que tu allais me proposer concernant les points suivants :<\/p>\n<p>1- R\u00e9mun\u00e9ration<\/p>\n<p>On en a parl\u00e9 tous les deux il y a quelques semaines. Je pensais effectivement gagner environ 2000 euros net par mois, mais tu m&rsquo;as dit que \u00e7a ne serait pas possible pour l&rsquo;instant, entre les charges, le nouveau local etc.<br \/>\nJe le comprends, et je suis pr\u00eat \u00e0 faire des concessions pour l&rsquo;instant, mais j&rsquo;aimerais ne pas gagner moins que ce que je touche actuellement, soit environ 1655 euros Net (1200 de toi + 455 divers). Ce qui repr\u00e9sente une r\u00e9mun\u00e9ration de minimum 2100 euros Brut mensuel environ.<br \/>\nAvec mes travaux Freelance, je gagnais entre 400 et 800 euros de plus par mois suivant ce qu&rsquo;on me demandait, \u00e7a va me faire un sacr\u00e9 trou dans le budjet vu que j&rsquo;ai cl\u00f4tur\u00e9 ma societ\u00e9, mais bon, je croise les doigts pour que l&rsquo;entreprise se d\u00e9veloppe rapidement afin que tout le monde s&rsquo;y retrouve au niveau des comptes.<br \/>\nJe ne vais pas te sortir le discours du fonctionnaire de la RATP en fin de carri\u00e8re. Je ne te parle pas des heures sup ou des 35h. Je pense que tu es conscient de la somme de travail que j&rsquo;abat et du temps que je passe \u00e0 bosser.<\/p>\n<p>2- Transport et repas<\/p>\n<p>Voici mes d\u00e9penses mensuelles \u00e9valu\u00e9es :<\/p>\n<p>-M\u00e9tro : 55 euros mensuels (pass Navigo 2 zones)<br \/>\n-Repas : je pense que de compter 5 euros par repas journalier serait dans la moyenne sachant qu&rsquo;un ticket restaurant a une valeur de 7,5 euros et qu&rsquo;\u00e0 l&rsquo;achat c&rsquo;est 4 euros. On va dire que \u00e7a coupe la poire en deux.<\/p>\n<p>3- Cong\u00e9s<\/p>\n<p>Alors on en a parl\u00e9 bri\u00e8vement sans trop rentrer dans les d\u00e9tails. Suivant la l\u00e9gislation fran\u00e7aise, j&rsquo;ai droit \u00e0 5 semaines minimum de cong\u00e9s pay\u00e9s.<br \/>\nTu m&rsquo;as dit que tu voulais que j&rsquo;\u00e9vite de prendre mes vacances en Juillet\/Ao\u00fbt et \u00e0 No\u00ebl. A savoir que je n&rsquo;ai aucun int\u00e9r\u00eat \u00e0 prendre mes vacances \u00e0 d&rsquo;autres dates que ces derni\u00e8res.<br \/>\nJe pose mes cong\u00e9s suivant les disponibilit\u00e9s de ma conjointe l&rsquo;\u00e9t\u00e9. C&rsquo;est le seul moment de l&rsquo;ann\u00e9e o\u00f9\u00a0 je peux rendre visite \u00e0 mes parents vu qu&rsquo;ils ne sont sur Paris que quelques mois dans l&rsquo;ann\u00e9e.<\/p>\n<p>Pour \u00eatre honn\u00eate avec toi, mes amis et ma famille, je les compte sur les doigts d&rsquo;une main. Voir mes parents c&rsquo;est tr\u00e8s important pour moi, \u00e7a me permet de me ressourcer et surtout, ce sont les seules membres de ma famille dont je suis proche, ils comptent beaucoup pour moi, surtout que je suis fils unique.<br \/>\nC&rsquo;est aussi un moyen pour moi de passer des vacances hors Paris \u00e0 moindre frais. Et oui, pas forc\u00e9ment les sous de me payer une location ou des vacances dignes de ce nom.<\/p>\n<p>Pour 2014, David prend ses vacances en Juillet, ce qui tombe bien sachant que moi \u00e7a serait pour Ao\u00fbt. Tu ne seras donc pas seul si jamais il y a un chargement et mon travail peut \u00eatre post-dat\u00e9. Je pense que \u00e7a s&rsquo;est plut\u00f4t bien pass\u00e9 cette ann\u00e9e et que tu n&rsquo;as pas trop souffert de mon absence.<\/p>\n<p>Pour ce qui est de No\u00ebl, je prends g\u00e9n\u00e9ralement 3-4 jours car d\u00e9sormais je passe les f\u00eates sur Lyon, avec mes parents, chez ma belle famille. Sachant que David m&rsquo;a dit qu&rsquo;il ne prenait jamais de vacances \u00e0 No\u00ebl mais plut\u00f4t en Octobre\/Novembre, je pense qu&rsquo;il y a moyen pour que l&rsquo;on s&rsquo;arrange afin que mon absence ne pose pas de soucis.<\/p>\n<p>Evidemment je peux comprendre qu&rsquo;on ait des coups de bourre ou des urgences, comme tu l&rsquo;as dit, on verra sur le moment. Mais j&rsquo;aimerais que le c\u00f4t\u00e9 \u00ab\u00a0humain\u00a0\u00bb et \u00ab\u00a0compr\u00e9hensif\u00a0\u00bb soit pris en compte vis \u00e0 vis de ce que je t&rsquo;ai dit pr\u00e9c\u00e9demment.<br \/>\nTu me connais d\u00e9sormais, tu sais que je suis un bosseur et pas un feignant, mais j&rsquo;ai n\u00e9anmoins besoin de stopper parfois et de me vider l&rsquo;esprit avec mon entourage.<\/p>\n<p>Voil\u00e0, c&rsquo;\u00e9tait les trois points principaux dont je voulais discuter avec toi.<br \/>\nJe voulais savoir ce que tu allais me proposer, si c&rsquo;\u00e9tait plus ou moins en accord avec ce que je viens de te dire, et si on \u00e9tait sur la m\u00eame longueur d&rsquo;onde.<br \/>\nJe sais que je ne suis pas en position d&rsquo;imposer des conditions de travail, mais ces trois points me sont essentiels pour maintenir un bon \u00e9quilibre et un travail performant au quotidien.<\/p>\n<p>Je pense que cette \u00ab\u00a0pratiquement\u00a0\u00bb ann\u00e9e s&rsquo;est bien pass\u00e9e dans son ensemble au niveau de notre collaboration. Cela est en partie d\u00fb au fait que les trois points pr\u00e9c\u00e9dents correspondaient plus ou moins \u00e0 ce que j&rsquo;ai \u00e9cris. J&rsquo;esp\u00e8re que nous pourrons rester sur cette m\u00eame voie afin que nous maintenions notre productivit\u00e9 \u00e0 son paroxysme et que tout se d\u00e9roule dans les meilleures conditions pour nous tous.<\/p>\n<p>Merci d&rsquo;avoir pris le temps de lire ce mail en plein week-end, et d&rsquo;y r\u00e9pondre si jamais tu en as le temps.<\/p>\n<p>A Lundi et bonne fin de journ\u00e9e !<\/p>\n","protected":false},"excerpt":{"rendered":"<p>Apr\u00e8s de nombreux mois \u00e0 travailler en freelance pour nous, chose promise, chose due, nous allons embaucher Romain. Il est loquace. Coucou PM, Je t&rsquo;avais dit hier que je t&rsquo;enverrai un mail aujourd&rsquo;hui car j&rsquo;ai \u00e9t\u00e9 chez mes parents hier &hellip; <a href=\"https:\/\/magicentrepreneur.com\/?p=2875\">Continuer la lecture <span class=\"meta-nav\">&rarr;<\/span><\/a><\/p>\n","protected":false},"author":2,"featured_media":0,"comment_status":"open","ping_status":"open","sticky":false,"template":"","format":"standard","meta":[],"categories":[9,18,7],"tags":[],"_links":{"self":[{"href":"https:\/\/magicentrepreneur.com\/index.php?rest_route=\/wp\/v2\/posts\/2875"}],"collection":[{"href":"https:\/\/magicentrepreneur.com\/index.php?rest_route=\/wp\/v2\/posts"}],"about":[{"href":"https:\/\/magicentrepreneur.com\/index.php?rest_route=\/wp\/v2\/types\/post"}],"author":[{"embeddable":true,"href":"https:\/\/magicentrepreneur.com\/index.php?rest_route=\/wp\/v2\/users\/2"}],"replies":[{"embeddable":true,"href":"https:\/\/magicentrepreneur.com\/index.php?rest_route=%2Fwp%2Fv2%2Fcomments&post=2875"}],"version-history":[{"count":1,"href":"https:\/\/magicentrepreneur.com\/index.php?rest_route=\/wp\/v2\/posts\/2875\/revisions"}],"predecessor-version":[{"id":2876,"href":"https:\/\/magicentrepreneur.com\/index.php?rest_route=\/wp\/v2\/posts\/2875\/revisions\/2876"}],"wp:attachment":[{"href":"https:\/\/magicentrepreneur.com\/index.php?rest_route=%2Fwp%2Fv2%2Fmedia&parent=2875"}],"wp:term":[{"taxonomy":"category","embeddable":true,"href":"https:\/\/magicentrepreneur.com\/index.php?rest_route=%2Fwp%2Fv2%2Fcategories&post=2875"},{"taxonomy":"post_tag","embeddable":true,"href":"https:\/\/magicentrepreneur.com\/index.php?rest_route=%2Fwp%2Fv2%2Ftags&post=2875"}],"curies":[{"name":"wp","href":"https:\/\/api.w.org\/{rel}","templated":true}]}}