{"id":575,"date":"2011-11-09T08:59:53","date_gmt":"2011-11-09T06:59:53","guid":{"rendered":"http:\/\/magicentrepreneur.com\/?p=575"},"modified":"2011-11-09T09:29:24","modified_gmt":"2011-11-09T07:29:24","slug":"la-crise-est-la","status":"publish","type":"post","link":"https:\/\/magicentrepreneur.com\/?p=575","title":{"rendered":"La crise est l\u00e0"},"content":{"rendered":"<p><em>Chaque analyste, chaque \u00e9conomiste, chaque journaliste, chaque personne lambda a ses propres crit\u00e8res pour dire que nous vivons une situation de crise. Certains diront qu&rsquo;ils ne vendent plus de publicit\u00e9 ou que d&rsquo;une mani\u00e8re g\u00e9n\u00e9rale leur chiffre d&rsquo;affaires a baiss\u00e9. D&rsquo;autres diront que leur cousin a \u00e9t\u00e9 licenci\u00e9 et que la soci\u00e9t\u00e9 a ferm\u00e9. D&rsquo;autres encore diront que tel(s) commerce(s) a disparu. Tous ces crit\u00e8res sont parfaitement valables et je ne pourrais me permettre d&rsquo;en juger vraiment, sinon de les compl\u00e9ter.<\/em><\/p>\n<p>Mon premier crit\u00e8re est le nombre de personnes dans un avion int\u00e9rieur un jour de semaine et hors p\u00e9riode scolaire. J&rsquo;ai pris l&rsquo;avion Paris Brest hier matin et il \u00e9tait au deux-tiers vide, tout comme fin 2008 au sommet de la crise. Ce genre de vol &#8211; et surtout les dix ou quinze premi\u00e8res rang\u00e9es &#8211; n&rsquo;est rempli que de cadres qui travaillant pour une grande entreprise \u00e0 Paris se rendent dans un des sites de cette soci\u00e9t\u00e9 ou chez un prestataires. Il y a beaucoup d&rsquo;industries de d\u00e9fense, d&rsquo;a\u00e9ronautique et d&rsquo;\u00e9lectronique.<\/p>\n<p>Mon deuxi\u00e8me crit\u00e8re c&rsquo;est le nombre de panneaux \u00ab\u00a0A Louer\u00a0\u00bb dans les zones industrielles et commerciales. L\u00e0 encore ils sont beaucoup plus nombreux qu&rsquo;en ao\u00fbt. Certaines grandes enseignes ferment dans des villes moyennes quand les r\u00e9sultats sont moyens. La crise est le moment de le faire, l&rsquo;opportunit\u00e9 de le faire diront les mauvaises langues.<\/p>\n<p>Ce deuxi\u00e8me crit\u00e8re je l&rsquo;ai constat\u00e9 \u00e9galement aux Etats-Unis dans des march\u00e9s de gros dans lesquels je pensais qu&rsquo;il \u00e9tait impossible d&rsquo;obtenir un magasin, que ces emplacements se transmettaient de parents \u00e0 enfants depuis plusieurs g\u00e9n\u00e9rations. Rien de tout cela. En \u00e0 peine six mois, \u00e0 vue de nez environ 15% des locaux \u00e9taient affubl\u00e9s d&rsquo;un panneau \u00ab\u00a0For Rent\u00a0\u00bb.<\/p>\n","protected":false},"excerpt":{"rendered":"<p>Chaque analyste, chaque \u00e9conomiste, chaque journaliste, chaque personne lambda a ses propres crit\u00e8res pour dire que nous vivons une situation de crise. Certains diront qu&rsquo;ils ne vendent plus de publicit\u00e9 ou que d&rsquo;une mani\u00e8re g\u00e9n\u00e9rale leur chiffre d&rsquo;affaires a baiss\u00e9. &hellip; <a href=\"https:\/\/magicentrepreneur.com\/?p=575\">Continuer la lecture <span class=\"meta-nav\">&rarr;<\/span><\/a><\/p>\n","protected":false},"author":2,"featured_media":0,"comment_status":"open","ping_status":"open","sticky":false,"template":"","format":"standard","meta":[],"categories":[48,61],"tags":[],"_links":{"self":[{"href":"https:\/\/magicentrepreneur.com\/index.php?rest_route=\/wp\/v2\/posts\/575"}],"collection":[{"href":"https:\/\/magicentrepreneur.com\/index.php?rest_route=\/wp\/v2\/posts"}],"about":[{"href":"https:\/\/magicentrepreneur.com\/index.php?rest_route=\/wp\/v2\/types\/post"}],"author":[{"embeddable":true,"href":"https:\/\/magicentrepreneur.com\/index.php?rest_route=\/wp\/v2\/users\/2"}],"replies":[{"embeddable":true,"href":"https:\/\/magicentrepreneur.com\/index.php?rest_route=%2Fwp%2Fv2%2Fcomments&post=575"}],"version-history":[{"count":3,"href":"https:\/\/magicentrepreneur.com\/index.php?rest_route=\/wp\/v2\/posts\/575\/revisions"}],"predecessor-version":[{"id":577,"href":"https:\/\/magicentrepreneur.com\/index.php?rest_route=\/wp\/v2\/posts\/575\/revisions\/577"}],"wp:attachment":[{"href":"https:\/\/magicentrepreneur.com\/index.php?rest_route=%2Fwp%2Fv2%2Fmedia&parent=575"}],"wp:term":[{"taxonomy":"category","embeddable":true,"href":"https:\/\/magicentrepreneur.com\/index.php?rest_route=%2Fwp%2Fv2%2Fcategories&post=575"},{"taxonomy":"post_tag","embeddable":true,"href":"https:\/\/magicentrepreneur.com\/index.php?rest_route=%2Fwp%2Fv2%2Ftags&post=575"}],"curies":[{"name":"wp","href":"https:\/\/api.w.org\/{rel}","templated":true}]}}