{"id":660,"date":"2011-12-11T08:22:30","date_gmt":"2011-12-11T06:22:30","guid":{"rendered":"http:\/\/magicentrepreneur.com\/?p=660"},"modified":"2011-12-12T08:41:08","modified_gmt":"2011-12-12T06:41:08","slug":"cousu-de-fil-blanc","status":"publish","type":"post","link":"https:\/\/magicentrepreneur.com\/?p=660","title":{"rendered":"Cousu de fil blanc"},"content":{"rendered":"<p><em>15 jours avant son d\u00e9part en cong\u00e9 maternit\u00e9 &#8211; plut\u00f4t deux semaines de cong\u00e9s pathologiques &#8211; la jeune femme en charge de la gestion me claque dans les mains. Le bilan n&rsquo;est pas fait, sa transmission est inachev\u00e9e. Je l&rsquo;ai vu la veille, elle semblait en forme, du jour au lendemain elle flanche.<\/em><\/p>\n<p>Je crois que c&rsquo;est une des choses qui m&rsquo;agace le plus en ce moment. Entre les absences pour maladie, le cong\u00e9 pathologique, les r\u00e9cup\u00e9rations, vacances et cong\u00e9 maternit\u00e9, la g\u00e9rante devrait \u00eatre absente 6 mois au total. Je ne suis pas pr\u00eat de confier \u00e0 nouveau les r\u00eanes d&rsquo;une bo\u00eete \u00e0 une jeune femme n&rsquo;ayant pas eu d&rsquo;enfants. Elle est un \u00e9l\u00e9ment trop important de l&rsquo;\u00e9quipe et son absence occasionne des pertes, j&rsquo;en suis certain. Certaines proc\u00e9dures risquent d&rsquo;\u00eatre mal respect\u00e9es.<\/p>\n<p>Ce qui m&rsquo;\u00e9nerve le plus, c&rsquo;est le peu d&rsquo;engagement pour son poste. Cette salari\u00e9e prend un cong\u00e9 maternit\u00e9 de 6 mois, une des ind\u00e9pendantes qui a travaill\u00e9 pour nous n&rsquo;a pris un cong\u00e9 maternit\u00e9 que de 3 mois. Son enfant n&rsquo;est pas moiti\u00e9 moins bien r\u00e9ussi.<\/p>\n<p>Dans tous les cas, c&rsquo;est une fois de plus \u00e0 moi de faire la jointure ce qui m&rsquo;occasionne encore plus de travail. Surtout le stress de savoir ce qui a \u00e9t\u00e9 fait ou pas, commenc\u00e9 ou pas. Le t\u00e9l\u00e9phone sonne et sonne encore.<\/p>\n","protected":false},"excerpt":{"rendered":"<p>15 jours avant son d\u00e9part en cong\u00e9 maternit\u00e9 &#8211; plut\u00f4t deux semaines de cong\u00e9s pathologiques &#8211; la jeune femme en charge de la gestion me claque dans les mains. Le bilan n&rsquo;est pas fait, sa transmission est inachev\u00e9e. Je l&rsquo;ai &hellip; <a href=\"https:\/\/magicentrepreneur.com\/?p=660\">Continuer la lecture <span class=\"meta-nav\">&rarr;<\/span><\/a><\/p>\n","protected":false},"author":2,"featured_media":0,"comment_status":"open","ping_status":"open","sticky":false,"template":"","format":"standard","meta":[],"categories":[20,7],"tags":[],"_links":{"self":[{"href":"https:\/\/magicentrepreneur.com\/index.php?rest_route=\/wp\/v2\/posts\/660"}],"collection":[{"href":"https:\/\/magicentrepreneur.com\/index.php?rest_route=\/wp\/v2\/posts"}],"about":[{"href":"https:\/\/magicentrepreneur.com\/index.php?rest_route=\/wp\/v2\/types\/post"}],"author":[{"embeddable":true,"href":"https:\/\/magicentrepreneur.com\/index.php?rest_route=\/wp\/v2\/users\/2"}],"replies":[{"embeddable":true,"href":"https:\/\/magicentrepreneur.com\/index.php?rest_route=%2Fwp%2Fv2%2Fcomments&post=660"}],"version-history":[{"count":4,"href":"https:\/\/magicentrepreneur.com\/index.php?rest_route=\/wp\/v2\/posts\/660\/revisions"}],"predecessor-version":[{"id":662,"href":"https:\/\/magicentrepreneur.com\/index.php?rest_route=\/wp\/v2\/posts\/660\/revisions\/662"}],"wp:attachment":[{"href":"https:\/\/magicentrepreneur.com\/index.php?rest_route=%2Fwp%2Fv2%2Fmedia&parent=660"}],"wp:term":[{"taxonomy":"category","embeddable":true,"href":"https:\/\/magicentrepreneur.com\/index.php?rest_route=%2Fwp%2Fv2%2Fcategories&post=660"},{"taxonomy":"post_tag","embeddable":true,"href":"https:\/\/magicentrepreneur.com\/index.php?rest_route=%2Fwp%2Fv2%2Ftags&post=660"}],"curies":[{"name":"wp","href":"https:\/\/api.w.org\/{rel}","templated":true}]}}