{"id":816,"date":"2012-02-17T11:16:40","date_gmt":"2012-02-17T09:16:40","guid":{"rendered":"http:\/\/magicentrepreneur.com\/?p=816"},"modified":"2012-02-21T11:47:09","modified_gmt":"2012-02-21T09:47:09","slug":"le-tram-nous-fait-trimer","status":"publish","type":"post","link":"https:\/\/magicentrepreneur.com\/?p=816","title":{"rendered":"Le tram nous fait trimer"},"content":{"rendered":"<p><em>Grosse panique ce matin, pas d&rsquo;internet, pas de t\u00e9l\u00e9phone, pas de fax&#8230; pas de logiciel de gestion par cons\u00e9quence &#8211; cloud computing oblige. Il ne nous reste que quelques timbres perdus au fond d&rsquo;un tiroir pour communiquer avec l&rsquo;ext\u00e9rieur. C&rsquo;est presque pas une plaisanterie, vu la r\u00e9activit\u00e9 des services concern\u00e9s \u00e0 r\u00e9agir.<br \/>\n<\/em><\/p>\n<p>La ville est d\u00e9fonc\u00e9e par les installations du tramway. Bien entendu &#8211; comme s&rsquo;il y avait une \u00e9vidence \u00e0 cela &#8211; une pelleteuse ou un marteau piqueur a arrach\u00e9 une ligne, notre boucle locale. N&rsquo;\u00e9tant pas d\u00e9group\u00e9 c&rsquo;est France Telecom qui g\u00e8re et visiblement mal. La coupure date de plus de 30h d\u00e9sormais.<\/p>\n<p>Nous avions pris la pr\u00e9caution de souscrire \u00e0 la fois \u00e0 une livebox et \u00e0 une freebox, pour le cas \u00e9ch\u00e9ant avoir une continuit\u00e9 de service. Malheurement, le d\u00e9groupage n&rsquo;\u00e9tant pas possible, la coupure de la boucle locale entra\u00eene la rupture de tous les moyens de communication.<\/p>\n<p>Je suis furieux, la plupart de nos clients travaillent \u00e0 l&rsquo;ancienne, c&rsquo;est-\u00e0-dire par t\u00e9l\u00e9phone et par fax. Nous sommes dans le silence le plus complet. Le 1015 est d\u00e9bord\u00e9 d&rsquo;appels et on ne peut pas vendre. J&rsquo;ai \u00e9t\u00e9 \u00e0 Cannes il y a 15 jours et pendant des travaux du m\u00eame genre, une canalisation de gaz a \u00e9t\u00e9 perc\u00e9e. L&rsquo;intervention a \u00e9t\u00e9 faite en un temps record car il y avait une urgence manifeste.\u00a0 Que des soci\u00e9t\u00e9s, et des petites soci\u00e9t\u00e9s perdent une ou deux journ\u00e9es de chiffre \u00e0 moins de 10 jours des salaires, c&rsquo;est une urgence moins manifeste, malheureusement.<\/p>\n","protected":false},"excerpt":{"rendered":"<p>Grosse panique ce matin, pas d&rsquo;internet, pas de t\u00e9l\u00e9phone, pas de fax&#8230; pas de logiciel de gestion par cons\u00e9quence &#8211; cloud computing oblige. Il ne nous reste que quelques timbres perdus au fond d&rsquo;un tiroir pour communiquer avec l&rsquo;ext\u00e9rieur. C&rsquo;est &hellip; <a href=\"https:\/\/magicentrepreneur.com\/?p=816\">Continuer la lecture <span class=\"meta-nav\">&rarr;<\/span><\/a><\/p>\n","protected":false},"author":2,"featured_media":0,"comment_status":"open","ping_status":"open","sticky":false,"template":"","format":"standard","meta":[],"categories":[65,46,68],"tags":[],"_links":{"self":[{"href":"https:\/\/magicentrepreneur.com\/index.php?rest_route=\/wp\/v2\/posts\/816"}],"collection":[{"href":"https:\/\/magicentrepreneur.com\/index.php?rest_route=\/wp\/v2\/posts"}],"about":[{"href":"https:\/\/magicentrepreneur.com\/index.php?rest_route=\/wp\/v2\/types\/post"}],"author":[{"embeddable":true,"href":"https:\/\/magicentrepreneur.com\/index.php?rest_route=\/wp\/v2\/users\/2"}],"replies":[{"embeddable":true,"href":"https:\/\/magicentrepreneur.com\/index.php?rest_route=%2Fwp%2Fv2%2Fcomments&post=816"}],"version-history":[{"count":6,"href":"https:\/\/magicentrepreneur.com\/index.php?rest_route=\/wp\/v2\/posts\/816\/revisions"}],"predecessor-version":[{"id":818,"href":"https:\/\/magicentrepreneur.com\/index.php?rest_route=\/wp\/v2\/posts\/816\/revisions\/818"}],"wp:attachment":[{"href":"https:\/\/magicentrepreneur.com\/index.php?rest_route=%2Fwp%2Fv2%2Fmedia&parent=816"}],"wp:term":[{"taxonomy":"category","embeddable":true,"href":"https:\/\/magicentrepreneur.com\/index.php?rest_route=%2Fwp%2Fv2%2Fcategories&post=816"},{"taxonomy":"post_tag","embeddable":true,"href":"https:\/\/magicentrepreneur.com\/index.php?rest_route=%2Fwp%2Fv2%2Ftags&post=816"}],"curies":[{"name":"wp","href":"https:\/\/api.w.org\/{rel}","templated":true}]}}