{"id":898,"date":"2012-03-15T11:08:26","date_gmt":"2012-03-15T09:08:26","guid":{"rendered":"http:\/\/magicentrepreneur.com\/?p=898"},"modified":"2012-03-17T11:23:35","modified_gmt":"2012-03-17T09:23:35","slug":"du-mieux-se-dessine-une-nouvelle-organisation","status":"publish","type":"post","link":"https:\/\/magicentrepreneur.com\/?p=898","title":{"rendered":"Du mieux, se dessine une nouvelle organisation"},"content":{"rendered":"<p><em>Face la b\u00e9r\u00e9zina, je me vois dans l&rsquo;obligation de supprimer les jours de cong\u00e9s accord\u00e9s \u00e0 la personne en cong\u00e9 maternit\u00e9. J&rsquo;ai besoin, la soci\u00e9t\u00e9 a besoin, qu&rsquo;elle revienne le plus t\u00f4t possible. Sa r\u00e9action est responsable, m\u00eame si teint\u00e9e d&rsquo;un petit marchandage, nul n&rsquo;est parfait.<\/em><\/p>\n<p><span style=\"text-decoration: underline;\">Mon premier message\u00a0:<\/span><\/p>\n<p>Bonjour Isabelle,<\/p>\n<p>J\u2019ai r\u00e9ussi \u00e0 te verser tes indemnit\u00e9s pour janvier et f\u00e9vrier.<\/p>\n<p>Autre chose, pour le bien de la soci\u00e9t\u00e9 j\u2019ai besoin que tu reviennes au plus vite et que tu ne prennes pas tes cong\u00e9s et des r\u00e9cup\u00e9rations suite \u00e0 ton cong\u00e9 maternit\u00e9.<\/p>\n<p>Pour te faciliter la chose et pour que cela te soit plus facile, je te propose que tu reviennes le matin et que tu sois en r\u00e9cup\u00e9ration l\u2019apr\u00e8s-midi du 30 avril au 5 juin.<\/p>\n<p>Le d\u00e9but d\u2019ann\u00e9e est un fiasco en terme de r\u00e9sultats il faut tout revoir.<\/p>\n<p>Ce week-end j\u2019en \u00e9tais \u00e0 me poser la question de rapatri\u00e9 le site web \u00e0 Paris et de fermer Brest.<\/p>\n<p>Dans tous les cas je n\u2019ai pas les moyens de faire survivre la situation encore jusqu\u2019\u00e0 juin, raison pour laquelle je te demande cette concession.<\/p>\n<p>J\u2019esp\u00e8re que cela te sera possible.<\/p>\n<p>2012, faut que cela bouge.<\/p>\n<p>Bien \u00e0 toi.<\/p>\n<p><span style=\"text-decoration: underline;\">Sa r\u00e9ponse\u00a0:<\/span><\/p>\n<p>Bonjour,<\/p>\n<p>Concernant mon retour \u00e0 la bo\u00eete, je suis d&rsquo;accord pour reprendre plus t\u00f4t que pr\u00e9vu.<\/p>\n<p>Voici ce que je vous propose : je prends tout de m\u00eame une semaine de vacances du lundi 30\/04\/2012 au samedi 05\/05\/2012.<\/p>\n<p>Je reprends donc le travail mercredi 9\/05\/2012, \u00e9tant en repos le lundi et f\u00e9ri\u00e9 le mardi. A ce moment l\u00e0 je reprends \u00e0 temps plein, c&rsquo;est \u00e0 dire que je reprends mon travail normalement.<\/p>\n<p>Juste ce que je demande c&rsquo;est de ne plus travailler le samedi matin afin de solder mes heures suppl\u00e9mentaires.<\/p>\n<p>Ayant 66 heures \u00e0 prendre, ca m&#8217;emm\u00e8ne \u00e0 ne plus travailler le samedi matin jusqu&rsquo;\u00e0 au moins d\u00e9but octobre.<\/p>\n<p>Cela m&rsquo;arrange comme ca je n&rsquo;ai pas besoin de faire garder mon enfant.<\/p>\n<p>Tant qu&rsquo;\u00e0 reprendre, je pr\u00e9f\u00e8re reprendre tout de suite normalement.<\/p>\n<p>D\u00eetes moi si cela vous convient que je vois avec ma nourrice si elle est d&rsquo;accord pour commencer plus t\u00f4t.<\/p>\n<p>Je vous confirmerais r\u00e9ellement ma reprise une fois la garde de mon enfant vu.<\/p>\n<p>Bonne journ\u00e9e.<\/p>\n<p><span style=\"text-decoration: underline;\">Ma r\u00e9action\u00a0:<\/span><\/p>\n<p>Pour les horaires, ce n\u2019est pas un souci ni pour tes jours de cong\u00e9s \u00e0 r\u00e9cup\u00e9rer.<\/p>\n<p>Je pense qu\u2019il faut qu\u2019on pense vraiment \u00e0 ce qu\u2019on peut apporter \u00e0 la boite, elle en a besoin.<\/p>\n<p>A ton retour, on reverra l\u2019organisation de qui fait quoi, il faut qu\u2019on gagne du temps.<\/p>\n<p>Comme je te l\u2019ai dit, soit cela passe bien soit je jette l\u2019\u00e9ponge.<\/p>\n<p>Bonne soir\u00e9e.<\/p>\n","protected":false},"excerpt":{"rendered":"<p>Face la b\u00e9r\u00e9zina, je me vois dans l&rsquo;obligation de supprimer les jours de cong\u00e9s accord\u00e9s \u00e0 la personne en cong\u00e9 maternit\u00e9. J&rsquo;ai besoin, la soci\u00e9t\u00e9 a besoin, qu&rsquo;elle revienne le plus t\u00f4t possible. Sa r\u00e9action est responsable, m\u00eame si teint\u00e9e &hellip; <a href=\"https:\/\/magicentrepreneur.com\/?p=898\">Continuer la lecture <span class=\"meta-nav\">&rarr;<\/span><\/a><\/p>\n","protected":false},"author":2,"featured_media":0,"comment_status":"open","ping_status":"open","sticky":false,"template":"","format":"standard","meta":[],"categories":[20,7],"tags":[],"_links":{"self":[{"href":"https:\/\/magicentrepreneur.com\/index.php?rest_route=\/wp\/v2\/posts\/898"}],"collection":[{"href":"https:\/\/magicentrepreneur.com\/index.php?rest_route=\/wp\/v2\/posts"}],"about":[{"href":"https:\/\/magicentrepreneur.com\/index.php?rest_route=\/wp\/v2\/types\/post"}],"author":[{"embeddable":true,"href":"https:\/\/magicentrepreneur.com\/index.php?rest_route=\/wp\/v2\/users\/2"}],"replies":[{"embeddable":true,"href":"https:\/\/magicentrepreneur.com\/index.php?rest_route=%2Fwp%2Fv2%2Fcomments&post=898"}],"version-history":[{"count":5,"href":"https:\/\/magicentrepreneur.com\/index.php?rest_route=\/wp\/v2\/posts\/898\/revisions"}],"predecessor-version":[{"id":902,"href":"https:\/\/magicentrepreneur.com\/index.php?rest_route=\/wp\/v2\/posts\/898\/revisions\/902"}],"wp:attachment":[{"href":"https:\/\/magicentrepreneur.com\/index.php?rest_route=%2Fwp%2Fv2%2Fmedia&parent=898"}],"wp:term":[{"taxonomy":"category","embeddable":true,"href":"https:\/\/magicentrepreneur.com\/index.php?rest_route=%2Fwp%2Fv2%2Fcategories&post=898"},{"taxonomy":"post_tag","embeddable":true,"href":"https:\/\/magicentrepreneur.com\/index.php?rest_route=%2Fwp%2Fv2%2Ftags&post=898"}],"curies":[{"name":"wp","href":"https:\/\/api.w.org\/{rel}","templated":true}]}}